{"id":398,"date":"2020-12-29T00:52:52","date_gmt":"2020-12-28T23:52:52","guid":{"rendered":"https:\/\/kt.wir.re\/?p=398"},"modified":"2021-07-26T20:56:12","modified_gmt":"2021-07-26T18:56:12","slug":"projekt-neue-fernmeldewerkstatt-teil-2-maerz-2018-maerz-2019","status":"publish","type":"post","link":"https:\/\/kt.wir.re\/?p=398","title":{"rendered":"Neue Werkstatt (Teil 2)"},"content":{"rendered":"\n<h2 class=\"wp-block-heading\">Projekt &#8222;Neue Fernmeldewerkstatt&#8220; (Teil 2: M\u00e4rz 2018 &#8211; M\u00e4rz 2019)<\/h2>\n\n\n\n<p>Seit der Ver\u00f6ffentlichung der letzten Bilder hier an dieser Stelle ist schon wieder mehr als ein Jahr vergangen.<br>In vielen ehrenamtlichen Arbeitsstunden haben wir den Umzug unserer Werkstatt voran gebracht und quasi nebenbei auch immer wieder kurzfristig kleinere St\u00f6rungen in den Fernmeldeanlagen bei der Parkeisenbahn Wuhlheide beseitigt.<br>Obwohl in der neuen Werkstatt noch immer nicht alles an seinem endg\u00fcltigen Platz angekommen ist, haben wir unsere Arbeit in der warmen Jahreszeit wieder \u00fcberwiegend auf die Instandhaltung der Betriebsanlagen bei der Parkeisenbahn ausgerichtet.<\/p>\n\n\n\n<p>Zun\u00e4chst aber wollen wir noch einmal einen Blick zur\u00fcck auf den Umzug im letzten Jahr richten.<\/p>\n\n\n\n<p>Nachdem die Sanierungsarbeiten in den neuen R\u00e4umen beendet waren, konnten wir mit dem eigentlichen Umzug aus der alten in die neue Werkstatt beginnen.<br>Als erstes fand unser alter Arbeitstisch -\u00fcbrigens ein Relikt der MITROPA- seinen Weg in die neuen R\u00e4ume.<\/p>\n\n\n\n<p>Diese alte Werkbank, ich habe sie 1991 von unserem ehemaligen Signalwerker in der Wuhlheide \u201egeerbt\u201c, &#8211; passte erstmal trotz aller Anstrengungen nicht durch die T\u00fcr der alten Werkstatt hinaus in den Flur. Die T\u00fcr erwies sich als ca. 5cm zu schmal f\u00fcr dieses Vorhaben! Fragt sich, wie ich diesen Tisch damals 1991 eigentlich in meine Werkstatt bekommen hatte? Ich kann mich daran beim besten Willen nicht mehr erinnern, die einzige M\u00f6glichkeit w\u00e4re noch durch das Fenster &#8211; das ist breit genug&#8230;<\/p>\n\n\n\n<p>Gesagt &#8211; getan! Wir nahmen mit der Werkbank den Weg durch das ge\u00f6ffnete Fenster auf den Bahnsteig, um diese von dort aus durch die gro\u00dfe Eingangst\u00fcr wieder in den Bahnhof hinein zu tragen und dann an ihrem Platz in der neuen Werkstatt aufzustellen.<\/p>\n\n\n\n<figure class=\"wp-block-image\"><a href=\"https:\/\/kt.wir.re\/wp-content\/uploads\/2020\/12\/1609195172371_a.jpg\"><img loading=\"lazy\" decoding=\"async\" width=\"1600\" height=\"1600\" src=\"https:\/\/kt.wir.re\/wp-content\/uploads\/2020\/12\/1609195172371_a.jpg\" alt=\"\" class=\"wp-image-559\"\/><\/a><\/figure>\n\n\n\n<p>Alle anderen Einbauten waren entweder zerlegbar oder nur so gro\u00df, da\u00df sie gut durch die T\u00fcr passten. St\u00fcck f\u00fcr St\u00fcck fand alles einen Platz in der neuen Werkstatt. In einem kleinen Abendeinsatz konnten wir die gro\u00dfe Arbeitsplatte und Regale f\u00fcr Ordner und Dokumentationen am neuen Standort aufbauen. Unterst\u00fctzung bekam ich dazu von einem meiner ersten Sch\u00fcler in der AG Fernmeldetechnik, der in unserer Gruppe bereits ab 1990\/91 mitgearbeitet hatte. Inzwischen kommt er nur noch mal ab und zu zu Besuch in die Wuhleide, ist uns aber immer treu verbunden geblieben. Er hatte sich extra f\u00fcr dieses Projekt einen Abend Zeit f\u00fcr mich genommen, um mit mir gemeinsam die gro\u00dfe Arbeitsplatte in der neuen Werkstatt zu montieren. Vielen Dank an Stefan f\u00fcr diese Hilfe! Es war mir eine Freude, wieder einmal mit Dir zusammen zu arbeiten.<\/p>\n\n\n\n<p><\/p>\n\n\n\n<p><\/p>\n\n\n\n<p><\/p>\n\n\n\n<figure class=\"wp-block-image\"><a href=\"https:\/\/kt.wir.re\/wp-content\/uploads\/2020\/12\/1609195298089.jpg\"><img loading=\"lazy\" decoding=\"async\" width=\"1600\" height=\"1600\" src=\"https:\/\/kt.wir.re\/wp-content\/uploads\/2020\/12\/1609195298089.jpg\" alt=\"\" class=\"wp-image-560\"\/><\/a><\/figure>\n\n\n\n<div class=\"wp-block-image\"><figure class=\"aligncenter\"><a href=\"https:\/\/kt.wir.re\/wp-content\/uploads\/2020\/12\/k-20180427_214335.jpg\"><img loading=\"lazy\" decoding=\"async\" width=\"480\" height=\"640\" src=\"https:\/\/kt.wir.re\/wp-content\/uploads\/2020\/12\/k-20180427_214335.jpg\" alt=\"\" class=\"wp-image-569\"\/><\/a><\/figure><\/div>\n\n\n\n<p>Viele weitere kleine Schritte waren noch ntowendig, um Pr\u00fcfanschl\u00fcsse und Einrichtungen in der neuen Werkstatt zu installieren. Inzwischen haben wir nun wieder einen voll ausger\u00fcsteten Arbeitsplatz f\u00fcr die \u00dcberpr\u00fcfung von Telefonapparaten und elektrischen Uhren. Pr\u00fcfanschl\u00fcsse f\u00fcr Telefone und andere Ger\u00e4te an den anderen Arbeitspl\u00e4tzen und die Dekoration und weitere Ausgestaltung der Werkstatt mit historischen Ger\u00e4ten und Exponaten werden wir in n\u00e4chster Zeit fortsetzen, je nachdem, wie es die Zeit erlaubt.<\/p>\n\n\n\n<p>Als erste Pr\u00fcfeinrichtung konnten wir den sogenannten \u201eKleinen Pr\u00fcfschrank 50\u201c in der neuen Werkstatt wieder in Betrieb nehmen. Ein solches Pr\u00fcfger\u00e4t war fr\u00fcher in jeder Telefonvermittlungsstelle anzutreffen. Der Pr\u00fcfschrank kann zwischen die Vermittlungsanlage und Telefonapparat in die Zuleitung eingeschaltet werden. Dazu dienten sogenannte \u201eTrennkammerleisten\u201c. Beim Einstecken des Pr\u00fcfsteckers vom Pr\u00fcfschrank wird die Leitung automatisch aufgetrennt und der Pr\u00fcfschrank in die Verbindung eingeschaltet.<br>Wir haben f\u00fcr unseren Pr\u00fcfschrank originale Trennkammerleisten unterhalb des Schrankes installiert, und \u00fcber diese Verteiler alle Telefonanschl\u00fcsse unserer neuen Werkstatt geschaltet.<\/p>\n\n\n\n<figure class=\"wp-block-image\"><a href=\"https:\/\/kt.wir.re\/wp-content\/uploads\/2020\/12\/1609195396014.jpg\"><img loading=\"lazy\" decoding=\"async\" width=\"1600\" height=\"1600\" src=\"https:\/\/kt.wir.re\/wp-content\/uploads\/2020\/12\/1609195396014.jpg\" alt=\"\" class=\"wp-image-558\"\/><\/a><\/figure>\n\n\n\n<p>Um Telefonapparate im Betrieb vorf\u00fchren und testen zu k\u00f6nnen, ben\u00f6tigen sie Anschlu\u00df an eine Vermittlungsanlage, in der die gew\u00e4hlte Telefonnummer verarbeitet wird und die gew\u00fcnschte Verbindung zu anderen Telefonanschl\u00fcssen hergestellt wird.<br>F\u00fcr unseren Werkstattbetrieb haben wir jetzt 2 gebrauchte TK-Anlagen der Firma Auerswald installiert.<\/p>\n\n\n\n<figure class=\"wp-block-image\"><a href=\"https:\/\/kt.wir.re\/wp-content\/uploads\/2020\/12\/k-20190310_185450-1.jpg\"><img loading=\"lazy\" decoding=\"async\" width=\"1216\" height=\"1632\" src=\"https:\/\/kt.wir.re\/wp-content\/uploads\/2020\/12\/k-20190310_185450-1.jpg\" alt=\"\" class=\"wp-image-566\"\/><\/a><\/figure>\n\n\n\n<p>Die Anlage vom Typ ETS4308 verk\u00f6rpert schon recht moderne Technik mit digitalem ISDN-Anschlu\u00df und 8 analogen Telefonanschl\u00fcssen. Hier werden unsere Pr\u00fcfanschl\u00fcsse an den Arbeitsp\u00e4tzen angeschaltet.<br>Die \u00e4ltere Anlage vom Typ ETS3216 war zuvor viele Jahre bei der Berliner Parkeisenbahn als zentrale TK-Anlage f\u00fcr den Bahnbetrieb im Einsatz. Sie wurde im Jahre 2008 durch eine gr\u00f6\u00dfere und leistungsf\u00e4higere TK-Anlage ersetzt und wartete seitdem in unserem Lager auf weitere Verwendung. Da auch sie noch voll funktionst\u00fcchtig ist, haben wir den Oldie in unserer Werkstatt als zweite TK-Anlage f\u00fcr Ausstellungs- und Vorf\u00fchrzwecke installiert. An ihren Anschl\u00fcssen finden 16 analoge Telefonapparate eine Verbindung und k\u00f6nnen gegenseitig angerufen und ausprobiert werden.<\/p>\n\n\n\n<p>Beide Anlagen sind \u00fcber ihre Amtsleitungen (S0 bzw. analog) untereinander sowie mit Anschl\u00fcssen der TK-Anlage der Parkeisenbahn verbunden und sind damit sowohl aus dem Netz der BPE als auch aus den \u00f6ffentlichen Telefonnetzen erreichbar.<br>Der Vorteil dieser schon etwas betagten Telefonanlagen besteht darin, da\u00df man an ihnen noch ohne Probleme \u00e4ltere Telefonapparate mit Impulswahl betreiben kann und da\u00df auch die Rufspannung noch f\u00fcr einen alten W38 gut ausreicht.<\/p>\n\n\n\n<figure class=\"wp-block-image\"><a href=\"https:\/\/kt.wir.re\/wp-content\/uploads\/2020\/12\/k-20190310_191512.jpg\"><img loading=\"lazy\" decoding=\"async\" width=\"1224\" height=\"1632\" src=\"https:\/\/kt.wir.re\/wp-content\/uploads\/2020\/12\/k-20190310_191512.jpg\" alt=\"\" class=\"wp-image-562\"\/><\/a><\/figure>\n\n\n\n<p>F\u00fcr den Test von analogen Telefonapparaten haben wir eine Reihe von verschiedenen Anschlu\u00dfdosen montiert.<\/p>\n\n\n\n<p>Das \u00e4lteste Modell ist die sogenannte Klemmendose mit Schraubanschl\u00fcssen. Sie stammt aus der Zeit, als ein Telefonapparat mit seiner Anschlu\u00dfleitung noch fest an der Wand angeschraubt war. Sp\u00e4ter gab es verschiedene Stecker-Dosen-Systeme. Nach der Klemmendose kam der Walzenstecker, bei der Post der DDR hie\u00df das sp\u00e4tere System ADo(S)5, bei der Deutschen Bundespost wurde die TAE (Telefon-Anschlu\u00dfeinheit) eingef\u00fchrt und heute findet man auch analoge Telefonapparate mit einem Westernstecker RJ45. Zu allen Steckerformen gibt es eine Anschlu\u00dfdose, die komplett f\u00fcr alle Funktionen (auch W2-Ader und Erde) beschaltet ist.<br>\u00dcber eine Trennkammer kann man den zu pr\u00fcfenden Apparat am Pr\u00fcfanschlu\u00df mit dem Pr\u00fcfschrank verbinden und anschlie\u00dfend auf Funktion testen und messen.<\/p>\n\n\n\n<figure class=\"wp-block-image\"><a href=\"https:\/\/kt.wir.re\/wp-content\/uploads\/2020\/12\/k-20190310_185658.jpg\"><img loading=\"lazy\" decoding=\"async\" width=\"1632\" height=\"1224\" src=\"https:\/\/kt.wir.re\/wp-content\/uploads\/2020\/12\/k-20190310_185658.jpg\" alt=\"\" class=\"wp-image-567\"\/><\/a><\/figure>\n\n\n\n<p>\u00c4hnliches haben wir f\u00fcr den Anschlu\u00df von OB-Fernsprechern vorbereitet. Auch hier gibt es neben g\u00e4ngigen Telefonsteckdosen Schraubanschl\u00fcsse f\u00fcr Apparate, die nicht mit einem Stecker ausger\u00fcstet sind. Die Kippschalter dienen der Umschaltung der Betriebsspannung f\u00fcr das Mikrofon (Ortsbatterie) f\u00fcr verschiedene Betriebszust\u00e4nde und Bauarten von OB-Fernsprechern.<\/p>\n\n\n\n<figure class=\"wp-block-image\"><a href=\"https:\/\/kt.wir.re\/wp-content\/uploads\/2020\/12\/k-20190310_191525.jpg\"><img loading=\"lazy\" decoding=\"async\" width=\"1632\" height=\"1224\" src=\"https:\/\/kt.wir.re\/wp-content\/uploads\/2020\/12\/k-20190310_191525.jpg\" alt=\"\" class=\"wp-image-563\"\/><\/a><\/figure>\n\n\n\n<p>\u00dcber einen Schalter (schwarz\/rot) k\u00f6nnen wir unsere Pr\u00fcfleitung mit der OB-Ringleitung der Parkeisenbahn verbinden und damit aus der Werkstatt heraus fast alle Dienstposten bei der BPE \u00fcber den OB-Fernsprecher anrufen. Auch hier kann bei Bedarf der Pr\u00fcfschrank \u00fcber einen Trennstecker in die OB-Fernsprechleitung eingeschaltet werden.<\/p>\n\n\n\n<p>Neben dem Pr\u00fcfschrank an der Wand haben wir unsere elektronische Hauptuhr EH40 des tschechischen Herstellers \u201ePRAGOTRON\u201c installiert. Sie liefert f\u00fcr unsere Werkstatt Uhrenimpulse f\u00fcr den Betrieb von Nebenuhren.<br>Dazu haben wir schon vor vielen Jahren eine Pr\u00fcfschaltung gebaut, mit der wir einzelne Nebenuhren und Uhrwerke in der Werkstatt \u00fcber einen l\u00e4ngeren Zeitraum im Betrieb \u00fcberpr\u00fcfen k\u00f6nnen. Die Pr\u00fcfschaltung dient der Anpassung an verschiedene Uhrwerke sowohl f\u00fcr Reihenschaltung als auch f\u00fcr Parallelschaltung, dem Schutz der Hauptuhr vor Kurzschluss bei defektem Uhrwerk und dem Test der Uhrwerke mit variabler Spannung.<br>\u00dcber einen Kippschalter k\u00f6nnen Uhrenimpulse zum Pr\u00fcfen auch per Hand auf zwei voneinander unabh\u00e4ngigen Linien erzeugt werden.<br>Sollte die funkgesteuerte Hauptuhr f\u00fcr den Eisenbahnbetrieb der Parkeisenbahn einmal unerwartet ausfallen, kann die Werkstatt-Hauptuhr in diesem Fall auch kurzfristig als Ersatz einspringen und die Steuerung der Uhren auf den Bahnh\u00f6fen der BPE \u00fcbernehmen.<\/p>\n\n\n\n<p>F\u00fcr die \u00dcberpr\u00fcfung von elektronischen Ger\u00e4ten haben wir am Arbeitsplatz auch wieder Festspannungen von 5 Volt, 12 Volt und 24 Volt mit einer Belastbarkeit von je 2,5A zur Verf\u00fcgung.<br>Au\u00dferdem gibt es einen Anschlu\u00df mit 60V\/3,5A f\u00fcr alte fernmeldetechnische Ger\u00e4te. Dieser Anschlu\u00df ist jedoch aus Sicherheitsgr\u00fcnden nur mit einem separaten Schl\u00fcsselschalter in Betrieb zu setzen, um Gef\u00e4hrdungen unserer Parkeisenbahner durch die h\u00f6here Spannung auszuschlie\u00dfen.<\/p>\n\n\n\n<p>Fertiggestellt sind au\u00dferdem der mechanische Arbeitsplatz mit Schraubstock und Bohrmaschine, ein Regal f\u00fcr defekte und aufgearbeitete Ger\u00e4te und Schubladenregale f\u00fcr Schrauben und Kleinteile.<\/p>\n\n\n\n<p>Wenn es die Zeit erlaubt, geht es dann an die weitere Ausgestaltung der Werkstatt. Bis dahin m\u00fcssen einige historische Ger\u00e4tschaften noch etwas auf auf ihre Installation und Pr\u00e4sentation in unserer Werkstatt warten.<\/p>\n\n\n\n<div class=\"wp-block-image\"><figure class=\"aligncenter size-large is-resized\"><img loading=\"lazy\" decoding=\"async\" src=\"https:\/\/kt.wir.re\/wp-content\/uploads\/2020\/12\/20200605_230351.jpg\" alt=\"\" class=\"wp-image-581\" width=\"235\" height=\"169\"\/><figcaption>Erste Vorbereitungen f\u00fcr eine kleine Ausstellung. <\/figcaption><\/figure><\/div>\n","protected":false},"excerpt":{"rendered":"<p>Projekt &#8222;Neue Fernmeldewerkstatt&#8220; (Teil 2: M\u00e4rz 2018 &#8211; M\u00e4rz 2019) Seit der Ver\u00f6ffentlichung der letzten Bilder hier an dieser Stelle ist schon wieder mehr als ein Jahr vergangen.In vielen ehrenamtlichen Arbeitsstunden haben wir den Umzug unserer Werkstatt voran gebracht und quasi nebenbei auch immer wieder kurzfristig kleinere St\u00f6rungen in den Fernmeldeanlagen bei der Parkeisenbahn Wuhlheide &hellip; <a href=\"https:\/\/kt.wir.re\/?p=398\" class=\"more-link\"><span class=\"screen-reader-text\">Neue Werkstatt (Teil 2)<\/span> weiterlesen<\/a><\/p>\n","protected":false},"author":4,"featured_media":582,"comment_status":"closed","ping_status":"open","sticky":false,"template":"","format":"standard","meta":{"footnotes":""},"categories":[1],"tags":[],"class_list":["post-398","post","type-post","status-publish","format-standard","has-post-thumbnail","hentry","category-allgemein"],"_links":{"self":[{"href":"https:\/\/kt.wir.re\/index.php?rest_route=\/wp\/v2\/posts\/398","targetHints":{"allow":["GET"]}}],"collection":[{"href":"https:\/\/kt.wir.re\/index.php?rest_route=\/wp\/v2\/posts"}],"about":[{"href":"https:\/\/kt.wir.re\/index.php?rest_route=\/wp\/v2\/types\/post"}],"author":[{"embeddable":true,"href":"https:\/\/kt.wir.re\/index.php?rest_route=\/wp\/v2\/users\/4"}],"replies":[{"embeddable":true,"href":"https:\/\/kt.wir.re\/index.php?rest_route=%2Fwp%2Fv2%2Fcomments&post=398"}],"version-history":[{"count":14,"href":"https:\/\/kt.wir.re\/index.php?rest_route=\/wp\/v2\/posts\/398\/revisions"}],"predecessor-version":[{"id":589,"href":"https:\/\/kt.wir.re\/index.php?rest_route=\/wp\/v2\/posts\/398\/revisions\/589"}],"wp:featuredmedia":[{"embeddable":true,"href":"https:\/\/kt.wir.re\/index.php?rest_route=\/wp\/v2\/media\/582"}],"wp:attachment":[{"href":"https:\/\/kt.wir.re\/index.php?rest_route=%2Fwp%2Fv2%2Fmedia&parent=398"}],"wp:term":[{"taxonomy":"category","embeddable":true,"href":"https:\/\/kt.wir.re\/index.php?rest_route=%2Fwp%2Fv2%2Fcategories&post=398"},{"taxonomy":"post_tag","embeddable":true,"href":"https:\/\/kt.wir.re\/index.php?rest_route=%2Fwp%2Fv2%2Ftags&post=398"}],"curies":[{"name":"wp","href":"https:\/\/api.w.org\/{rel}","templated":true}]}}